{"id":2434,"date":"2021-11-18T12:37:00","date_gmt":"2021-11-18T11:37:00","guid":{"rendered":"https:\/\/tousenconcert.org\/?p=2434"},"modified":"2021-11-29T12:45:40","modified_gmt":"2021-11-29T11:45:40","slug":"recital-du-23-novembre-2021","status":"publish","type":"post","link":"https:\/\/tousenconcert.org\/en\/recital-du-23-novembre-2021\/","title":{"rendered":"R\u00e9cital du 27 novembre 2021"},"content":{"rendered":"<div data-elementor-type=\"wp-post\" data-elementor-id=\"2434\" class=\"elementor elementor-2434\">\n\t\t\t\t\t\t<div class=\"elementor-inner\">\n\t\t\t\t<div class=\"elementor-section-wrap\">\n\t\t\t\t\t\t\t\t\t<section class=\"elementor-section elementor-top-section elementor-element elementor-element-2ba192e1 elementor-section-boxed elementor-section-height-default elementor-section-height-default\" data-id=\"2ba192e1\" data-element_type=\"section\">\n\t\t\t\t\t\t<div class=\"elementor-container elementor-column-gap-default\">\n\t\t\t\t\t\t\t<div class=\"elementor-row\">\n\t\t\t\t\t<div class=\"elementor-column elementor-col-100 elementor-top-column elementor-element elementor-element-3e5845f2\" data-id=\"3e5845f2\" data-element_type=\"column\">\n\t\t\t<div class=\"elementor-column-wrap elementor-element-populated\">\n\t\t\t\t\t\t\t<div class=\"elementor-widget-wrap\">\n\t\t\t\t\t\t<div class=\"elementor-element elementor-element-181f120c elementor-widget elementor-widget-heading\" data-id=\"181f120c\" data-element_type=\"widget\" data-widget_type=\"heading.default\">\n\t\t\t\t<div class=\"elementor-widget-container\">\n\t\t\t<h2 class=\"elementor-heading-title elementor-size-default\">Information pratiques<\/h2>\t\t<\/div>\n\t\t\t\t<\/div>\n\t\t\t\t<section class=\"elementor-section elementor-inner-section elementor-element elementor-element-580bf5da elementor-section-boxed elementor-section-height-default elementor-section-height-default\" data-id=\"580bf5da\" data-element_type=\"section\">\n\t\t\t\t\t\t<div class=\"elementor-container elementor-column-gap-default\">\n\t\t\t\t\t\t\t<div class=\"elementor-row\">\n\t\t\t\t\t<div class=\"elementor-column elementor-col-100 elementor-inner-column elementor-element elementor-element-65a4db2d\" data-id=\"65a4db2d\" data-element_type=\"column\">\n\t\t\t<div class=\"elementor-column-wrap elementor-element-populated\">\n\t\t\t\t\t\t\t<div class=\"elementor-widget-wrap\">\n\t\t\t\t\t\t<div class=\"elementor-element elementor-element-5c574efd elementor-icon-list--layout-traditional elementor-list-item-link-full_width elementor-widget elementor-widget-icon-list\" data-id=\"5c574efd\" data-element_type=\"widget\" data-widget_type=\"icon-list.default\">\n\t\t\t\t<div class=\"elementor-widget-container\">\n\t\t\t\t\t<ul class=\"elementor-icon-list-items\">\n\t\t\t\t\t\t\t<li class=\"elementor-icon-list-item\">\n\t\t\t\t\t\t\t\t\t\t\t<span class=\"elementor-icon-list-icon\">\n\t\t\t\t\t\t\t<i aria-hidden=\"true\" class=\"far fa-calendar-alt\"><\/i>\t\t\t\t\t\t<\/span>\n\t\t\t\t\t\t\t\t\t\t<span class=\"elementor-icon-list-text\">Date et heure : 27 novembre 2021 (ouverture des portes aux auditeurs 16h45)<\/span>\n\t\t\t\t\t\t\t\t\t<\/li>\n\t\t\t\t\t\t\t\t<li class=\"elementor-icon-list-item\">\n\t\t\t\t\t\t\t\t\t\t\t<span class=\"elementor-icon-list-icon\">\n\t\t\t\t\t\t\t<i aria-hidden=\"true\" class=\"far fa-clock\"><\/i>\t\t\t\t\t\t<\/span>\n\t\t\t\t\t\t\t\t\t\t<span class=\"elementor-icon-list-text\">Dur\u00e9e : 2 heures<\/span>\n\t\t\t\t\t\t\t\t\t<\/li>\n\t\t\t\t\t\t\t\t<li class=\"elementor-icon-list-item\">\n\t\t\t\t\t\t\t\t\t\t\t<span class=\"elementor-icon-list-icon\">\n\t\t\t\t\t\t\t<i aria-hidden=\"true\" class=\"fas fa-euro-sign\"><\/i>\t\t\t\t\t\t<\/span>\n\t\t\t\t\t\t\t\t\t\t<span class=\"elementor-icon-list-text\">Gratuit pour les adh\u00e9rents, participation libre pour les non-adh\u00e9rents (chapeau)<\/span>\n\t\t\t\t\t\t\t\t\t<\/li>\n\t\t\t\t\t\t\t\t<li class=\"elementor-icon-list-item\">\n\t\t\t\t\t\t\t\t\t\t\t<span class=\"elementor-icon-list-icon\">\n\t\t\t\t\t\t\t<i aria-hidden=\"true\" class=\"fas fa-train\"><\/i>\t\t\t\t\t\t<\/span>\n\t\t\t\t\t\t\t\t\t\t<span class=\"elementor-icon-list-text\">Stations de m\u00e9tro les plus proches :  Jules Joffrin (ligne 12); Chateau Rouge (ligne 4)<\/span>\n\t\t\t\t\t\t\t\t\t<\/li>\n\t\t\t\t\t\t\t\t<li class=\"elementor-icon-list-item\">\n\t\t\t\t\t\t\t\t\t\t\t<span class=\"elementor-icon-list-icon\">\n\t\t\t\t\t\t\t<i aria-hidden=\"true\" class=\"fas fa-bus\"><\/i>\t\t\t\t\t\t<\/span>\n\t\t\t\t\t\t\t\t\t\t<span class=\"elementor-icon-list-text\">Arr\u00eats de bus les plus proches : Ligne 80 Arr\u00eat Cusitne Ramey<\/span>\n\t\t\t\t\t\t\t\t\t<\/li>\n\t\t\t\t\t\t\t\t<li class=\"elementor-icon-list-item\">\n\t\t\t\t\t\t\t\t\t\t\t<span class=\"elementor-icon-list-icon\">\n\t\t\t\t\t\t\t<i aria-hidden=\"true\" class=\"fas fa-wheelchair\"><\/i>\t\t\t\t\t\t<\/span>\n\t\t\t\t\t\t\t\t\t\t<span class=\"elementor-icon-list-text\">Acc\u00e8s handicap\u00e9s<\/span>\n\t\t\t\t\t\t\t\t\t<\/li>\n\t\t\t\t\t\t<\/ul>\n\t\t\t\t<\/div>\n\t\t\t\t<\/div>\n\t\t\t\t\t\t<\/div>\n\t\t\t\t\t<\/div>\n\t\t<\/div>\n\t\t\t\t\t\t\t\t<\/div>\n\t\t\t\t\t<\/div>\n\t\t<\/section>\n\t\t\t\t<div class=\"elementor-element elementor-element-65c38f2a elementor-widget elementor-widget-heading\" data-id=\"65c38f2a\" data-element_type=\"widget\" data-widget_type=\"heading.default\">\n\t\t\t\t<div class=\"elementor-widget-container\">\n\t\t\t<h2 class=\"elementor-heading-title elementor-size-default\">Programme<\/h2>\t\t<\/div>\n\t\t\t\t<\/div>\n\t\t\t\t<div class=\"elementor-element elementor-element-711c2fde elementor-widget elementor-widget-text-editor\" data-id=\"711c2fde\" data-element_type=\"widget\" data-widget_type=\"text-editor.default\">\n\t\t\t\t<div class=\"elementor-widget-container\">\n\t\t\t\t\t\t\t\t<div class=\"elementor-text-editor elementor-clearfix\">\n\t\t\t\t<p>\u00a0 \u00a0\u2022 <strong>C.Debussy, Suite Bergamasque<\/strong><\/p><p>\u00a0 \u00a0 \u00a0 \u00a0Gerard Moutet, piano<\/p><p>\u00a0 \u00a0\u2022<strong> Piano et voix soprano<\/strong><\/p><p>\u00a0 \u00a0 \u00a0 G. Faur\u00e9 \u00ab Les berceaux \u00bb<br \/>\u00a0 \u00a0 \u00a0 C. Debussy \u00ab Nuit d\u2019\u00e9toiles \u00bb<br \/>\u00a0 \u00a0 \u00a0 G. Puccini \u00ab Tu che di gel sei cinta \u00bb from Turandot<br \/>\u00a0 \u00a0 \u00a0 G. Puccini \u00ab Mi chiamano Mimi \u00bb from La Boh\u00e8me<\/p><p>\u00a0 \u00a0 \u00a0 Jenny Fu, piano &#8211; Catherine Yanoff, soprano<\/p><p>\u00a0 \u00a0Pause<\/p><p>\u00a0 \u00a0\u2022<strong> Prokoviev, Sonate pour piano et flute, op.94 (mvt 1, 3, 4)<\/strong><\/p><p>\u00a0 \u00a0 \u00a0 Virginie Rhodes, piano; Setareh Sehatzadeh, flute<\/p><p>\u00a0 \u00a0\u2022 <strong>M.Ravel, Gaspard de la Nuit<\/strong><\/p><p>\u00a0 \u00a0 \u00a0 Andre Golbert, piano<\/p>\t\t\t\t\t<\/div>\n\t\t\t\t\t\t<\/div>\n\t\t\t\t<\/div>\n\t\t\t\t\t\t<\/div>\n\t\t\t\t\t<\/div>\n\t\t<\/div>\n\t\t\t\t\t\t\t\t<\/div>\n\t\t\t\t\t<\/div>\n\t\t<\/section>\n\t\t\t\t\t\t\t\t\t<\/div>\n\t\t\t<\/div>\n\t\t\t\t\t<\/div>","protected":false},"excerpt":{"rendered":"<p>Information pratiques Date et heure : 27 novembre 2021 (ouverture des portes aux auditeurs 16h45) Dur\u00e9e : 2 heures Gratuit pour les adh\u00e9rents, participation libre pour les non-adh\u00e9rents (chapeau) Stations de m\u00e9tro les plus proches : Jules Joffrin (ligne 12); Chateau Rouge (ligne 4) Arr\u00eats de bus les plus proches : Ligne 80 Arr\u00eat Cusitne [&hellip;]<\/p>","protected":false},"author":8,"featured_media":875,"comment_status":"closed","ping_status":"open","sticky":false,"template":"","format":"standard","meta":{"footnotes":""},"categories":[5,6],"tags":[],"class_list":["post-2434","post","type-post","status-publish","format-standard","has-post-thumbnail","hentry","category-evenements","category-evenements-passes"],"acf":[],"_links":{"self":[{"href":"https:\/\/tousenconcert.org\/en\/wp-json\/wp\/v2\/posts\/2434","targetHints":{"allow":["GET"]}}],"collection":[{"href":"https:\/\/tousenconcert.org\/en\/wp-json\/wp\/v2\/posts"}],"about":[{"href":"https:\/\/tousenconcert.org\/en\/wp-json\/wp\/v2\/types\/post"}],"author":[{"embeddable":true,"href":"https:\/\/tousenconcert.org\/en\/wp-json\/wp\/v2\/users\/8"}],"replies":[{"embeddable":true,"href":"https:\/\/tousenconcert.org\/en\/wp-json\/wp\/v2\/comments?post=2434"}],"version-history":[{"count":25,"href":"https:\/\/tousenconcert.org\/en\/wp-json\/wp\/v2\/posts\/2434\/revisions"}],"predecessor-version":[{"id":2679,"href":"https:\/\/tousenconcert.org\/en\/wp-json\/wp\/v2\/posts\/2434\/revisions\/2679"}],"wp:featuredmedia":[{"embeddable":true,"href":"https:\/\/tousenconcert.org\/en\/wp-json\/wp\/v2\/media\/875"}],"wp:attachment":[{"href":"https:\/\/tousenconcert.org\/en\/wp-json\/wp\/v2\/media?parent=2434"}],"wp:term":[{"taxonomy":"category","embeddable":true,"href":"https:\/\/tousenconcert.org\/en\/wp-json\/wp\/v2\/categories?post=2434"},{"taxonomy":"post_tag","embeddable":true,"href":"https:\/\/tousenconcert.org\/en\/wp-json\/wp\/v2\/tags?post=2434"}],"curies":[{"name":"wp","href":"https:\/\/api.w.org\/{rel}","templated":true}]}}