{"id":2793,"date":"2022-03-04T19:11:20","date_gmt":"2022-03-04T18:11:20","guid":{"rendered":"https:\/\/tousenconcert.org\/?p=2793"},"modified":"2022-05-04T14:34:43","modified_gmt":"2022-05-04T12:34:43","slug":"prochain-recital-de-tous-en-concert-le-samedi-19-mars-a-16h45","status":"publish","type":"post","link":"https:\/\/tousenconcert.org\/ru\/prochain-recital-de-tous-en-concert-le-samedi-19-mars-a-16h45\/","title":{"rendered":"R\u00e9cital de &lsquo;Tous en concert&rsquo; le samedi 19 mars"},"content":{"rendered":"<div data-elementor-type=\"wp-post\" data-elementor-id=\"2793\" class=\"elementor elementor-2793\">\n\t\t\t\t\t\t<div class=\"elementor-inner\">\n\t\t\t\t<div class=\"elementor-section-wrap\">\n\t\t\t\t\t\t\t\t\t<section class=\"elementor-section elementor-top-section elementor-element elementor-element-52aac74d elementor-section-boxed elementor-section-height-default elementor-section-height-default\" data-id=\"52aac74d\" data-element_type=\"section\">\n\t\t\t\t\t\t<div class=\"elementor-container elementor-column-gap-default\">\n\t\t\t\t\t\t\t<div class=\"elementor-row\">\n\t\t\t\t\t<div class=\"elementor-column elementor-col-100 elementor-top-column elementor-element elementor-element-3ff96da6\" data-id=\"3ff96da6\" data-element_type=\"column\">\n\t\t\t<div class=\"elementor-column-wrap elementor-element-populated\">\n\t\t\t\t\t\t\t<div class=\"elementor-widget-wrap\">\n\t\t\t\t\t\t<div class=\"elementor-element elementor-element-78e4da9a elementor-widget elementor-widget-heading\" data-id=\"78e4da9a\" data-element_type=\"widget\" data-widget_type=\"heading.default\">\n\t\t\t\t<div class=\"elementor-widget-container\">\n\t\t\t<h2 class=\"elementor-heading-title elementor-size-default\">Pr\u00e9sentation<\/h2>\t\t<\/div>\n\t\t\t\t<\/div>\n\t\t\t\t<section class=\"elementor-section elementor-inner-section elementor-element elementor-element-de3eb0d elementor-section-boxed elementor-section-height-default elementor-section-height-default\" data-id=\"de3eb0d\" data-element_type=\"section\">\n\t\t\t\t\t\t<div class=\"elementor-container elementor-column-gap-default\">\n\t\t\t\t\t\t\t<div class=\"elementor-row\">\n\t\t\t\t\t<div class=\"elementor-column elementor-col-50 elementor-inner-column elementor-element elementor-element-4abb54f1\" data-id=\"4abb54f1\" data-element_type=\"column\">\n\t\t\t<div class=\"elementor-column-wrap elementor-element-populated\">\n\t\t\t\t\t\t\t<div class=\"elementor-widget-wrap\">\n\t\t\t\t\t\t<div class=\"elementor-element elementor-element-55d530ae elementor-widget elementor-widget-text-editor\" data-id=\"55d530ae\" data-element_type=\"widget\" data-widget_type=\"text-editor.default\">\n\t\t\t\t<div class=\"elementor-widget-container\">\n\t\t\t\t\t\t\t\t<div class=\"elementor-text-editor elementor-clearfix\">\n\t\t\t\t<p>Ouverture des portes \u00e0 16h45.<\/p><p>Inscription pr\u00e9alable indisensable par mail \u00e0 : tousenconcert@gmail.com<\/p><p>M\u00eame s&rsquo;il n&rsquo;est plus obligatoire, le port du masque sera recommand\u00e9.<\/p>\t\t\t\t\t<\/div>\n\t\t\t\t\t\t<\/div>\n\t\t\t\t<\/div>\n\t\t\t\t\t\t<\/div>\n\t\t\t\t\t<\/div>\n\t\t<\/div>\n\t\t\t\t<div class=\"elementor-column elementor-col-50 elementor-inner-column elementor-element elementor-element-7da94eff\" data-id=\"7da94eff\" data-element_type=\"column\">\n\t\t\t<div class=\"elementor-column-wrap elementor-element-populated\">\n\t\t\t\t\t\t\t<div class=\"elementor-widget-wrap\">\n\t\t\t\t\t\t<div class=\"elementor-element elementor-element-37e3fed0 elementor-icon-list--layout-traditional elementor-list-item-link-full_width elementor-widget elementor-widget-icon-list\" data-id=\"37e3fed0\" data-element_type=\"widget\" data-widget_type=\"icon-list.default\">\n\t\t\t\t<div class=\"elementor-widget-container\">\n\t\t\t\t\t<ul class=\"elementor-icon-list-items\">\n\t\t\t\t\t\t\t<li class=\"elementor-icon-list-item\">\n\t\t\t\t\t\t\t\t\t\t\t<span class=\"elementor-icon-list-icon\">\n\t\t\t\t\t\t\t<i aria-hidden=\"true\" class=\"far fa-calendar-alt\"><\/i>\t\t\t\t\t\t<\/span>\n\t\t\t\t\t\t\t\t\t\t<span class=\"elementor-icon-list-text\">Date et heure : 19 mars \u00e0 17h15<\/span>\n\t\t\t\t\t\t\t\t\t<\/li>\n\t\t\t\t\t\t\t\t<li class=\"elementor-icon-list-item\">\n\t\t\t\t\t\t\t\t\t\t\t<span class=\"elementor-icon-list-icon\">\n\t\t\t\t\t\t\t<i aria-hidden=\"true\" class=\"far fa-clock\"><\/i>\t\t\t\t\t\t<\/span>\n\t\t\t\t\t\t\t\t\t\t<span class=\"elementor-icon-list-text\">Dur\u00e9e : 1h20<\/span>\n\t\t\t\t\t\t\t\t\t<\/li>\n\t\t\t\t\t\t\t\t<li class=\"elementor-icon-list-item\">\n\t\t\t\t\t\t\t\t\t\t\t<span class=\"elementor-icon-list-icon\">\n\t\t\t\t\t\t\t<i aria-hidden=\"true\" class=\"fas fa-map-marker-alt\"><\/i>\t\t\t\t\t\t<\/span>\n\t\t\t\t\t\t\t\t\t\t<span class=\"elementor-icon-list-text\">Salle: L' Accord parfait <\/span>\n\t\t\t\t\t\t\t\t\t<\/li>\n\t\t\t\t\t\t\t\t<li class=\"elementor-icon-list-item\">\n\t\t\t\t\t\t\t\t\t\t\t<span class=\"elementor-icon-list-icon\">\n\t\t\t\t\t\t\t<i aria-hidden=\"true\" class=\"fas fa-train\"><\/i>\t\t\t\t\t\t<\/span>\n\t\t\t\t\t\t\t\t\t\t<span class=\"elementor-icon-list-text\">Stations de m\u00e9tro les plus proches : Ligne 12 (Jules Joffrin); ligne 4 (Chateau Rouge)<\/span>\n\t\t\t\t\t\t\t\t\t<\/li>\n\t\t\t\t\t\t\t\t<li class=\"elementor-icon-list-item\">\n\t\t\t\t\t\t\t\t\t\t\t<span class=\"elementor-icon-list-icon\">\n\t\t\t\t\t\t\t<i aria-hidden=\"true\" class=\"fas fa-bus\"><\/i>\t\t\t\t\t\t<\/span>\n\t\t\t\t\t\t\t\t\t\t<span class=\"elementor-icon-list-text\">Arr\u00eats de bus les plus proches : Ligne 80 (Custine- Ramey)<\/span>\n\t\t\t\t\t\t\t\t\t<\/li>\n\t\t\t\t\t\t<\/ul>\n\t\t\t\t<\/div>\n\t\t\t\t<\/div>\n\t\t\t\t\t\t<\/div>\n\t\t\t\t\t<\/div>\n\t\t<\/div>\n\t\t\t\t\t\t\t\t<\/div>\n\t\t\t\t\t<\/div>\n\t\t<\/section>\n\t\t\t\t<div class=\"elementor-element elementor-element-20799518 elementor-widget elementor-widget-heading\" data-id=\"20799518\" data-element_type=\"widget\" data-widget_type=\"heading.default\">\n\t\t\t\t<div class=\"elementor-widget-container\">\n\t\t\t<h2 class=\"elementor-heading-title elementor-size-default\">Programme<\/h2>\t\t<\/div>\n\t\t\t\t<\/div>\n\t\t\t\t<div class=\"elementor-element elementor-element-f14c4a7 elementor-widget elementor-widget-text-editor\" data-id=\"f14c4a7\" data-element_type=\"widget\" data-widget_type=\"text-editor.default\">\n\t\t\t\t<div class=\"elementor-widget-container\">\n\t\t\t\t\t\t\t\t<div class=\"elementor-text-editor elementor-clearfix\">\n\t\t\t\t\t\t\t\t\t<\/div>\n\t\t\t\t\t\t<\/div>\n\t\t\t\t<\/div>\n\t\t\t\t<div class=\"elementor-element elementor-element-2826ba3 elementor-widget elementor-widget-text-editor\" data-id=\"2826ba3\" data-element_type=\"widget\" data-widget_type=\"text-editor.default\">\n\t\t\t\t<div class=\"elementor-widget-container\">\n\t\t\t\t\t\t\t\t<div class=\"elementor-text-editor elementor-clearfix\">\n\t\t\t\t<table><tbody><tr><td><p><strong>J.Haydn &#8211; Sonate en re majeur Hob. XVI : 37<\/strong><\/p><p><strong>Chopin<\/strong>\u00a0:\u00a0<strong>Grande valse, op. 42<\/strong><\/p><p><strong>\u00a0\u00a0\u00a0\u00a0\u00a0\u00a0\u00a0\u00a0\u00a0<\/strong><em>Guillaume Thomain, piano<\/em><\/p><p><strong>\u00a0<\/strong><\/p><p><strong>F.Schubert Arpeggione, Sonata pour Piano et Flute, D 821\u00a0<\/strong>(mvt 2 et 3)<\/p><p><em>Olivier Cloirec, piano \u2013 Alain Charbonnier, Flute<\/em><\/p><p><em>\u00a0<\/em><\/p><p><strong>C.Debussy\u00a0 : La plus que lente,\u00a0<\/strong><\/p><p><strong>F.Poulenc : Melancholie<\/strong><\/p><p><em>Kira Vinci, piano<\/em><\/p><p><em>\u00a0<\/em><\/p><p><strong>G.Holst, Les Planetes :<\/strong><\/p><p><strong>Neptune, le Mystique &amp; Venus, celle qui apporte la paix,<\/strong><\/p><p><em>Guilhelm Raillard, piano<\/em><\/p><\/td><\/tr><\/tbody><\/table>\t\t\t\t\t<\/div>\n\t\t\t\t\t\t<\/div>\n\t\t\t\t<\/div>\n\t\t\t\t\t\t<\/div>\n\t\t\t\t\t<\/div>\n\t\t<\/div>\n\t\t\t\t\t\t\t\t<\/div>\n\t\t\t\t\t<\/div>\n\t\t<\/section>\n\t\t\t\t\t\t\t\t\t<\/div>\n\t\t\t<\/div>\n\t\t\t\t\t<\/div>","protected":false},"excerpt":{"rendered":"<p>Au sudio &lsquo;L&rsquo;Accord Parfait&rsquo;, Paris 75018 \u00e0 17h15 (ouverture des portes \u00e0 16h45). Le nombre de place \u00e9tant limit\u00e9,  l&rsquo;inscription \u00e0 l&rsquo;avance est indispensable via le mail tousenconcert@gmail.com<\/p>","protected":false},"author":8,"featured_media":2825,"comment_status":"closed","ping_status":"open","sticky":false,"template":"","format":"standard","meta":{"footnotes":""},"categories":[5,6],"tags":[],"class_list":["post-2793","post","type-post","status-publish","format-standard","has-post-thumbnail","hentry","category-evenements","category-evenements-passes"],"acf":[],"_links":{"self":[{"href":"https:\/\/tousenconcert.org\/ru\/wp-json\/wp\/v2\/posts\/2793","targetHints":{"allow":["GET"]}}],"collection":[{"href":"https:\/\/tousenconcert.org\/ru\/wp-json\/wp\/v2\/posts"}],"about":[{"href":"https:\/\/tousenconcert.org\/ru\/wp-json\/wp\/v2\/types\/post"}],"author":[{"embeddable":true,"href":"https:\/\/tousenconcert.org\/ru\/wp-json\/wp\/v2\/users\/8"}],"replies":[{"embeddable":true,"href":"https:\/\/tousenconcert.org\/ru\/wp-json\/wp\/v2\/comments?post=2793"}],"version-history":[{"count":23,"href":"https:\/\/tousenconcert.org\/ru\/wp-json\/wp\/v2\/posts\/2793\/revisions"}],"predecessor-version":[{"id":2824,"href":"https:\/\/tousenconcert.org\/ru\/wp-json\/wp\/v2\/posts\/2793\/revisions\/2824"}],"wp:featuredmedia":[{"embeddable":true,"href":"https:\/\/tousenconcert.org\/ru\/wp-json\/wp\/v2\/media\/2825"}],"wp:attachment":[{"href":"https:\/\/tousenconcert.org\/ru\/wp-json\/wp\/v2\/media?parent=2793"}],"wp:term":[{"taxonomy":"category","embeddable":true,"href":"https:\/\/tousenconcert.org\/ru\/wp-json\/wp\/v2\/categories?post=2793"},{"taxonomy":"post_tag","embeddable":true,"href":"https:\/\/tousenconcert.org\/ru\/wp-json\/wp\/v2\/tags?post=2793"}],"curies":[{"name":"wp","href":"https:\/\/api.w.org\/{rel}","templated":true}]}}