{"id":2835,"date":"2022-05-04T14:45:06","date_gmt":"2022-05-04T12:45:06","guid":{"rendered":"https:\/\/tousenconcert.org\/?p=2835"},"modified":"2022-06-02T14:47:54","modified_gmt":"2022-06-02T12:47:54","slug":"recital-du-samedi-14-mai-2022","status":"publish","type":"post","link":"https:\/\/tousenconcert.org\/ru\/recital-du-samedi-14-mai-2022\/","title":{"rendered":"R\u00e9cital du samedi 14 mai 2022 \u00e0 17 heures"},"content":{"rendered":"<div data-elementor-type=\"wp-post\" data-elementor-id=\"2835\" class=\"elementor elementor-2835\">\n\t\t\t\t\t\t<div class=\"elementor-inner\">\n\t\t\t\t<div class=\"elementor-section-wrap\">\n\t\t\t\t\t\t\t\t\t<section class=\"elementor-section elementor-top-section elementor-element elementor-element-1e27d3d2 elementor-section-boxed elementor-section-height-default elementor-section-height-default\" data-id=\"1e27d3d2\" data-element_type=\"section\">\n\t\t\t\t\t\t<div class=\"elementor-container elementor-column-gap-default\">\n\t\t\t\t\t\t\t<div class=\"elementor-row\">\n\t\t\t\t\t<div class=\"elementor-column elementor-col-100 elementor-top-column elementor-element elementor-element-77f7931e\" data-id=\"77f7931e\" data-element_type=\"column\">\n\t\t\t<div class=\"elementor-column-wrap elementor-element-populated\">\n\t\t\t\t\t\t\t<div class=\"elementor-widget-wrap\">\n\t\t\t\t\t\t<div class=\"elementor-element elementor-element-28b93e61 elementor-widget elementor-widget-heading\" data-id=\"28b93e61\" data-element_type=\"widget\" data-widget_type=\"heading.default\">\n\t\t\t\t<div class=\"elementor-widget-container\">\n\t\t\t<h2 class=\"elementor-heading-title elementor-size-default\">Pr\u00e9sentation<\/h2>\t\t<\/div>\n\t\t\t\t<\/div>\n\t\t\t\t<section class=\"elementor-section elementor-inner-section elementor-element elementor-element-1a73ba2e elementor-section-boxed elementor-section-height-default elementor-section-height-default\" data-id=\"1a73ba2e\" data-element_type=\"section\">\n\t\t\t\t\t\t<div class=\"elementor-container elementor-column-gap-default\">\n\t\t\t\t\t\t\t<div class=\"elementor-row\">\n\t\t\t\t\t<div class=\"elementor-column elementor-col-50 elementor-inner-column elementor-element elementor-element-f645247\" data-id=\"f645247\" data-element_type=\"column\">\n\t\t\t<div class=\"elementor-column-wrap elementor-element-populated\">\n\t\t\t\t\t\t\t<div class=\"elementor-widget-wrap\">\n\t\t\t\t\t\t<div class=\"elementor-element elementor-element-4c45d930 elementor-widget elementor-widget-text-editor\" data-id=\"4c45d930\" data-element_type=\"widget\" data-widget_type=\"text-editor.default\">\n\t\t\t\t<div class=\"elementor-widget-container\">\n\t\t\t\t\t\t\t\t<div class=\"elementor-text-editor elementor-clearfix\">\n\t\t\t\t<p>Ouverture des portes \u00e0 16h45, d\u00e9but \u00e0 17h pr\u00e9cise<\/p><p>\u00a0<\/p><p>Inscription pr\u00e9alable indisensable par mail \u00e0 : tousenconcert@gmail.com<\/p>\t\t\t\t\t<\/div>\n\t\t\t\t\t\t<\/div>\n\t\t\t\t<\/div>\n\t\t\t\t\t\t<\/div>\n\t\t\t\t\t<\/div>\n\t\t<\/div>\n\t\t\t\t<div class=\"elementor-column elementor-col-50 elementor-inner-column elementor-element elementor-element-53e96e5c\" data-id=\"53e96e5c\" data-element_type=\"column\">\n\t\t\t<div class=\"elementor-column-wrap elementor-element-populated\">\n\t\t\t\t\t\t\t<div class=\"elementor-widget-wrap\">\n\t\t\t\t\t\t<div class=\"elementor-element elementor-element-6a974c5a elementor-icon-list--layout-traditional elementor-list-item-link-full_width elementor-widget elementor-widget-icon-list\" data-id=\"6a974c5a\" data-element_type=\"widget\" data-widget_type=\"icon-list.default\">\n\t\t\t\t<div class=\"elementor-widget-container\">\n\t\t\t\t\t<ul class=\"elementor-icon-list-items\">\n\t\t\t\t\t\t\t<li class=\"elementor-icon-list-item\">\n\t\t\t\t\t\t\t\t\t\t\t<span class=\"elementor-icon-list-icon\">\n\t\t\t\t\t\t\t<i aria-hidden=\"true\" class=\"far fa-calendar-alt\"><\/i>\t\t\t\t\t\t<\/span>\n\t\t\t\t\t\t\t\t\t\t<span class=\"elementor-icon-list-text\">Date et heure : 14 mai 2022 \u00e0 17h pr\u00e9cise (ouverture des portes 16h45) <\/span>\n\t\t\t\t\t\t\t\t\t<\/li>\n\t\t\t\t\t\t\t\t<li class=\"elementor-icon-list-item\">\n\t\t\t\t\t\t\t\t\t\t\t<span class=\"elementor-icon-list-icon\">\n\t\t\t\t\t\t\t<i aria-hidden=\"true\" class=\"far fa-clock\"><\/i>\t\t\t\t\t\t<\/span>\n\t\t\t\t\t\t\t\t\t\t<span class=\"elementor-icon-list-text\">Dur\u00e9e : 2h<\/span>\n\t\t\t\t\t\t\t\t\t<\/li>\n\t\t\t\t\t\t\t\t<li class=\"elementor-icon-list-item\">\n\t\t\t\t\t\t\t\t\t\t\t<span class=\"elementor-icon-list-icon\">\n\t\t\t\t\t\t\t<i aria-hidden=\"true\" class=\"fas fa-map-marker-alt\"><\/i>\t\t\t\t\t\t<\/span>\n\t\t\t\t\t\t\t\t\t\t<span class=\"elementor-icon-list-text\">Sudio Ramey<\/span>\n\t\t\t\t\t\t\t\t\t<\/li>\n\t\t\t\t\t\t\t\t<li class=\"elementor-icon-list-item\">\n\t\t\t\t\t\t\t\t\t\t\t<span class=\"elementor-icon-list-icon\">\n\t\t\t\t\t\t\t<i aria-hidden=\"true\" class=\"fas fa-euro-sign\"><\/i>\t\t\t\t\t\t<\/span>\n\t\t\t\t\t\t\t\t\t\t<span class=\"elementor-icon-list-text\"><\/span>\n\t\t\t\t\t\t\t\t\t<\/li>\n\t\t\t\t\t\t\t\t<li class=\"elementor-icon-list-item\">\n\t\t\t\t\t\t\t\t\t\t\t<span class=\"elementor-icon-list-icon\">\n\t\t\t\t\t\t\t<i aria-hidden=\"true\" class=\"fas fa-train\"><\/i>\t\t\t\t\t\t<\/span>\n\t\t\t\t\t\t\t\t\t\t<span class=\"elementor-icon-list-text\">Stations de m\u00e9tro les plus proches : Ligne 12 (Jules Joffrin); ligne 4 (Chateazu Rouge) <\/span>\n\t\t\t\t\t\t\t\t\t<\/li>\n\t\t\t\t\t\t\t\t<li class=\"elementor-icon-list-item\">\n\t\t\t\t\t\t\t\t\t\t\t<span class=\"elementor-icon-list-icon\">\n\t\t\t\t\t\t\t<i aria-hidden=\"true\" class=\"fas fa-bus\"><\/i>\t\t\t\t\t\t<\/span>\n\t\t\t\t\t\t\t\t\t\t<span class=\"elementor-icon-list-text\">Arr\u00eats de bus les plus proches : Ligne 80 (Custine Ramey)<\/span>\n\t\t\t\t\t\t\t\t\t<\/li>\n\t\t\t\t\t\t\t\t<li class=\"elementor-icon-list-item\">\n\t\t\t\t\t\t\t\t\t\t\t<span class=\"elementor-icon-list-icon\">\n\t\t\t\t\t\t\t<i aria-hidden=\"true\" class=\"fas fa-wheelchair\"><\/i>\t\t\t\t\t\t<\/span>\n\t\t\t\t\t\t\t\t\t\t<span class=\"elementor-icon-list-text\">Acc\u00e8s handicap\u00e9s<\/span>\n\t\t\t\t\t\t\t\t\t<\/li>\n\t\t\t\t\t\t<\/ul>\n\t\t\t\t<\/div>\n\t\t\t\t<\/div>\n\t\t\t\t\t\t<\/div>\n\t\t\t\t\t<\/div>\n\t\t<\/div>\n\t\t\t\t\t\t\t\t<\/div>\n\t\t\t\t\t<\/div>\n\t\t<\/section>\n\t\t\t\t<div class=\"elementor-element elementor-element-6febeec4 elementor-widget elementor-widget-heading\" data-id=\"6febeec4\" data-element_type=\"widget\" data-widget_type=\"heading.default\">\n\t\t\t\t<div class=\"elementor-widget-container\">\n\t\t\t<h2 class=\"elementor-heading-title elementor-size-default\">Programme<\/h2>\t\t<\/div>\n\t\t\t\t<\/div>\n\t\t\t\t<div class=\"elementor-element elementor-element-81636d7 elementor-widget elementor-widget-text-editor\" data-id=\"81636d7\" data-element_type=\"widget\" data-widget_type=\"text-editor.default\">\n\t\t\t\t<div class=\"elementor-widget-container\">\n\t\t\t\t\t\t\t\t<div class=\"elementor-text-editor elementor-clearfix\">\n\t\t\t\t<div class=\"cxmmr5t8 oygrvhab hcukyx3x c1et5uql o9v6fnle\">Danse espagnol no.1 (from \u201cLa vida breve\u201d de Manuel de Falla et Vltava (The Moldau) \u00bb de Bedrich Smetana (Jenny Fu, James Regan , Piano 4 mains)<\/div><div>\u00a0<\/div><div class=\"cxmmr5t8 oygrvhab hcukyx3x c1et5uql o9v6fnle\">E.Granados : Cuentos de la Juventud (Julie Sandler, piano)<\/div><div>\u00a0<\/div><div class=\"cxmmr5t8 oygrvhab hcukyx3x c1et5uql o9v6fnle\">Vivaldi \u00ab\u00a0Sol da te mio dolce amore\u00a0\u00bb<br \/>Mel Bonis \u00ab\u00a0El\u00e8ve-toi, mon \u00e2me !\u00a0\u00bb(Florence Mullertt, Flute, Genevi\u00e8ve Ellrodt soprano , V\u00e9ronique Baron piano)<\/div><div>\u00a0<\/div><div class=\"cxmmr5t8 oygrvhab hcukyx3x c1et5uql o9v6fnle\">Beethoven, Th\u00e8me et variations op. 26) et Liszt, Sonnet de P\u00e9trarque oo. 104 ( Zi-Xiang WANG, piano)<\/div><div>\u00a0<\/div><div class=\"cxmmr5t8 oygrvhab hcukyx3x c1et5uql o9v6fnle\">J.Brahms : Fantasien op.116 (Ludovic Disseau, piano)<\/div><div>\u00a0<\/div><div class=\"cxmmr5t8 oygrvhab hcukyx3x c1et5uql o9v6fnle\">S.Prokofiev, Sonata n. 4 op.29 mvt 1-2 (Jean Sarda, piano)<\/div>\t\t\t\t\t<\/div>\n\t\t\t\t\t\t<\/div>\n\t\t\t\t<\/div>\n\t\t\t\t\t\t<\/div>\n\t\t\t\t\t<\/div>\n\t\t<\/div>\n\t\t\t\t\t\t\t\t<\/div>\n\t\t\t\t\t<\/div>\n\t\t<\/section>\n\t\t\t\t\t\t\t\t\t<\/div>\n\t\t\t<\/div>\n\t\t\t\t\t<\/div>","protected":false},"excerpt":{"rendered":"<p> Voir le tr\u00e8s int\u00e9ressant programme !<\/p>\n<p>Ouverture des portes \u00e0 16h45<\/p>\n<p>Inscritpion pr\u00e9alable indispensable \u00e0 :  tousenconcert@gmail.com<\/p>","protected":false},"author":8,"featured_media":2826,"comment_status":"closed","ping_status":"open","sticky":false,"template":"","format":"standard","meta":{"footnotes":""},"categories":[5,6],"tags":[],"class_list":["post-2835","post","type-post","status-publish","format-standard","has-post-thumbnail","hentry","category-evenements","category-evenements-passes"],"acf":[],"_links":{"self":[{"href":"https:\/\/tousenconcert.org\/ru\/wp-json\/wp\/v2\/posts\/2835","targetHints":{"allow":["GET"]}}],"collection":[{"href":"https:\/\/tousenconcert.org\/ru\/wp-json\/wp\/v2\/posts"}],"about":[{"href":"https:\/\/tousenconcert.org\/ru\/wp-json\/wp\/v2\/types\/post"}],"author":[{"embeddable":true,"href":"https:\/\/tousenconcert.org\/ru\/wp-json\/wp\/v2\/users\/8"}],"replies":[{"embeddable":true,"href":"https:\/\/tousenconcert.org\/ru\/wp-json\/wp\/v2\/comments?post=2835"}],"version-history":[{"count":22,"href":"https:\/\/tousenconcert.org\/ru\/wp-json\/wp\/v2\/posts\/2835\/revisions"}],"predecessor-version":[{"id":2858,"href":"https:\/\/tousenconcert.org\/ru\/wp-json\/wp\/v2\/posts\/2835\/revisions\/2858"}],"wp:featuredmedia":[{"embeddable":true,"href":"https:\/\/tousenconcert.org\/ru\/wp-json\/wp\/v2\/media\/2826"}],"wp:attachment":[{"href":"https:\/\/tousenconcert.org\/ru\/wp-json\/wp\/v2\/media?parent=2835"}],"wp:term":[{"taxonomy":"category","embeddable":true,"href":"https:\/\/tousenconcert.org\/ru\/wp-json\/wp\/v2\/categories?post=2835"},{"taxonomy":"post_tag","embeddable":true,"href":"https:\/\/tousenconcert.org\/ru\/wp-json\/wp\/v2\/tags?post=2835"}],"curies":[{"name":"wp","href":"https:\/\/api.w.org\/{rel}","templated":true}]}}