{"id":2909,"date":"2022-11-19T19:24:12","date_gmt":"2022-11-19T18:24:12","guid":{"rendered":"https:\/\/tousenconcert.org\/?p=2909"},"modified":"2023-01-05T17:31:44","modified_gmt":"2023-01-05T16:31:44","slug":"prochain-recital-lesamedi-26-novembre-a-17h-precise-fermeture-des-portes","status":"publish","type":"post","link":"https:\/\/tousenconcert.org\/ru\/prochain-recital-lesamedi-26-novembre-a-17h-precise-fermeture-des-portes\/","title":{"rendered":"R\u00e9cital du samedi 26 novembre 2022"},"content":{"rendered":"<div data-elementor-type=\"wp-post\" data-elementor-id=\"2909\" class=\"elementor elementor-2909\">\n\t\t\t\t\t\t<div class=\"elementor-inner\">\n\t\t\t\t<div class=\"elementor-section-wrap\">\n\t\t\t\t\t\t\t\t\t<section class=\"elementor-section elementor-top-section elementor-element elementor-element-468d3a56 elementor-section-boxed elementor-section-height-default elementor-section-height-default\" data-id=\"468d3a56\" data-element_type=\"section\">\n\t\t\t\t\t\t<div class=\"elementor-container elementor-column-gap-default\">\n\t\t\t\t\t\t\t<div class=\"elementor-row\">\n\t\t\t\t\t<div class=\"elementor-column elementor-col-100 elementor-top-column elementor-element elementor-element-6280363d\" data-id=\"6280363d\" data-element_type=\"column\">\n\t\t\t<div class=\"elementor-column-wrap elementor-element-populated\">\n\t\t\t\t\t\t\t<div class=\"elementor-widget-wrap\">\n\t\t\t\t\t\t<div class=\"elementor-element elementor-element-41414cc6 elementor-widget elementor-widget-heading\" data-id=\"41414cc6\" data-element_type=\"widget\" data-widget_type=\"heading.default\">\n\t\t\t\t<div class=\"elementor-widget-container\">\n\t\t\t<h2 class=\"elementor-heading-title elementor-size-default\">Pr\u00e9sentation<\/h2>\t\t<\/div>\n\t\t\t\t<\/div>\n\t\t\t\t<section class=\"elementor-section elementor-inner-section elementor-element elementor-element-456933f0 elementor-section-boxed elementor-section-height-default elementor-section-height-default\" data-id=\"456933f0\" data-element_type=\"section\">\n\t\t\t\t\t\t<div class=\"elementor-container elementor-column-gap-default\">\n\t\t\t\t\t\t\t<div class=\"elementor-row\">\n\t\t\t\t\t<div class=\"elementor-column elementor-col-50 elementor-inner-column elementor-element elementor-element-11a5771c\" data-id=\"11a5771c\" data-element_type=\"column\">\n\t\t\t<div class=\"elementor-column-wrap elementor-element-populated\">\n\t\t\t\t\t\t\t<div class=\"elementor-widget-wrap\">\n\t\t\t\t\t\t<div class=\"elementor-element elementor-element-79f5ecc6 elementor-widget elementor-widget-text-editor\" data-id=\"79f5ecc6\" data-element_type=\"widget\" data-widget_type=\"text-editor.default\">\n\t\t\t\t<div class=\"elementor-widget-container\">\n\t\t\t\t\t\t\t\t<div class=\"elementor-text-editor elementor-clearfix\">\n\t\t\t\t<p>\u00a0<\/p><p>Le prochain r\u00e9cital de \u2018Tous en concert !\u2019 aura lieu samedi 26 novembre 2022\u00a0 au studio L\u2019accord Parfait, 47 rue Ramey Paris 75018.<\/p><p>La salle sera ouverte \u00e0 partir de 16h45, avec une fermeture des portes et un d\u00e9but du r\u00e9cital \u00e0 17h pr\u00e9cises<\/p><p>Si vous souhaitez participer en tant qu\u2019auditeur, vous \u00eates bienvenu(e)! Merci de vous inscrire \u00e0 l\u2019avance en prenant contact avec l\u2019association, au mail de contact tousenconcert@gmail.com, le nombre de place \u00e9tant limit\u00e9.\u00a0<\/p>\t\t\t\t\t<\/div>\n\t\t\t\t\t\t<\/div>\n\t\t\t\t<\/div>\n\t\t\t\t\t\t<\/div>\n\t\t\t\t\t<\/div>\n\t\t<\/div>\n\t\t\t\t<div class=\"elementor-column elementor-col-50 elementor-inner-column elementor-element elementor-element-fa65d6\" data-id=\"fa65d6\" data-element_type=\"column\">\n\t\t\t<div class=\"elementor-column-wrap elementor-element-populated\">\n\t\t\t\t\t\t\t<div class=\"elementor-widget-wrap\">\n\t\t\t\t\t\t<div class=\"elementor-element elementor-element-2ed6062a elementor-icon-list--layout-traditional elementor-list-item-link-full_width elementor-widget elementor-widget-icon-list\" data-id=\"2ed6062a\" data-element_type=\"widget\" data-widget_type=\"icon-list.default\">\n\t\t\t\t<div class=\"elementor-widget-container\">\n\t\t\t\t\t<ul class=\"elementor-icon-list-items\">\n\t\t\t\t\t\t\t<li class=\"elementor-icon-list-item\">\n\t\t\t\t\t\t\t\t\t\t\t<span class=\"elementor-icon-list-icon\">\n\t\t\t\t\t\t\t<i aria-hidden=\"true\" class=\"far fa-calendar-alt\"><\/i>\t\t\t\t\t\t<\/span>\n\t\t\t\t\t\t\t\t\t\t<span class=\"elementor-icon-list-text\">Date et heure : 26 novembre 2022 \u00e0 17h (fermeture des portes)<\/span>\n\t\t\t\t\t\t\t\t\t<\/li>\n\t\t\t\t\t\t\t\t<li class=\"elementor-icon-list-item\">\n\t\t\t\t\t\t\t\t\t\t\t<span class=\"elementor-icon-list-icon\">\n\t\t\t\t\t\t\t<i aria-hidden=\"true\" class=\"far fa-clock\"><\/i>\t\t\t\t\t\t<\/span>\n\t\t\t\t\t\t\t\t\t\t<span class=\"elementor-icon-list-text\"><\/span>\n\t\t\t\t\t\t\t\t\t<\/li>\n\t\t\t\t\t\t\t\t<li class=\"elementor-icon-list-item\">\n\t\t\t\t\t\t\t\t\t\t\t<span class=\"elementor-icon-list-icon\">\n\t\t\t\t\t\t\t<i aria-hidden=\"true\" class=\"fas fa-map-marker-alt\"><\/i>\t\t\t\t\t\t<\/span>\n\t\t\t\t\t\t\t\t\t\t<span class=\"elementor-icon-list-text\"><\/span>\n\t\t\t\t\t\t\t\t\t<\/li>\n\t\t\t\t\t\t\t\t<li class=\"elementor-icon-list-item\">\n\t\t\t\t\t\t\t\t\t\t\t<span class=\"elementor-icon-list-icon\">\n\t\t\t\t\t\t\t<i aria-hidden=\"true\" class=\"fas fa-euro-sign\"><\/i>\t\t\t\t\t\t<\/span>\n\t\t\t\t\t\t\t\t\t\t<span class=\"elementor-icon-list-text\"><\/span>\n\t\t\t\t\t\t\t\t\t<\/li>\n\t\t\t\t\t\t\t\t<li class=\"elementor-icon-list-item\">\n\t\t\t\t\t\t\t\t\t\t\t<span class=\"elementor-icon-list-icon\">\n\t\t\t\t\t\t\t<i aria-hidden=\"true\" class=\"fas fa-train\"><\/i>\t\t\t\t\t\t<\/span>\n\t\t\t\t\t\t\t\t\t\t<span class=\"elementor-icon-list-text\">Stations de m\u00e9tro les plus proches : Jules Joffrin (ligne12) ou Chateau Rouge (ligne 4)<\/span>\n\t\t\t\t\t\t\t\t\t<\/li>\n\t\t\t\t\t\t\t\t<li class=\"elementor-icon-list-item\">\n\t\t\t\t\t\t\t\t\t\t\t<span class=\"elementor-icon-list-icon\">\n\t\t\t\t\t\t\t<i aria-hidden=\"true\" class=\"fas fa-bus\"><\/i>\t\t\t\t\t\t<\/span>\n\t\t\t\t\t\t\t\t\t\t<span class=\"elementor-icon-list-text\">Arr\u00eats de bus les plus proches : Ligne 80 (arr\u00eat Custine-Ramey)<\/span>\n\t\t\t\t\t\t\t\t\t<\/li>\n\t\t\t\t\t\t\t\t<li class=\"elementor-icon-list-item\">\n\t\t\t\t\t\t\t\t\t\t\t<span class=\"elementor-icon-list-icon\">\n\t\t\t\t\t\t\t<i aria-hidden=\"true\" class=\"fas fa-wheelchair\"><\/i>\t\t\t\t\t\t<\/span>\n\t\t\t\t\t\t\t\t\t\t<span class=\"elementor-icon-list-text\">Acc\u00e8s handicap\u00e9s<\/span>\n\t\t\t\t\t\t\t\t\t<\/li>\n\t\t\t\t\t\t<\/ul>\n\t\t\t\t<\/div>\n\t\t\t\t<\/div>\n\t\t\t\t\t\t<\/div>\n\t\t\t\t\t<\/div>\n\t\t<\/div>\n\t\t\t\t\t\t\t\t<\/div>\n\t\t\t\t\t<\/div>\n\t\t<\/section>\n\t\t\t\t<div class=\"elementor-element elementor-element-3678eba1 elementor-widget elementor-widget-heading\" data-id=\"3678eba1\" data-element_type=\"widget\" data-widget_type=\"heading.default\">\n\t\t\t\t<div class=\"elementor-widget-container\">\n\t\t\t<h2 class=\"elementor-heading-title elementor-size-default\">Informations pratiques<\/h2>\t\t<\/div>\n\t\t\t\t<\/div>\n\t\t\t\t<div class=\"elementor-element elementor-element-2df3bc49 elementor-widget elementor-widget-text-editor\" data-id=\"2df3bc49\" data-element_type=\"widget\" data-widget_type=\"text-editor.default\">\n\t\t\t\t<div class=\"elementor-widget-container\">\n\t\t\t\t\t\t\t\t<div class=\"elementor-text-editor elementor-clearfix\">\n\t\t\t\t<p><strong>Programme :<\/strong><\/p><p><strong><em>\u00a0<\/em><\/strong><\/p><p><strong><em>\u00a0 \u00a0 \u00a0 \u00a0 \u00a0 Scarlatti Sonates K513 \u00a0Do Maj. <\/em><\/strong><strong><em>\u00ab\u00a0Pastorale\u00a0\u00bb, K1\u00a0R\u00e9 Min. et K450 Sol Min.<\/em><\/strong><\/p><p>\u00a0 \u00a0 \u00a0 \u00a0 \u00a0 \u00a0 \u00a0 \u00a0 \u00a0 Camille Bruneau, Piano<\/p><p>\u00a0 \u00a0 \u00a0 \u00a0 \u00a0 \u00a0<strong><em>S.Rachmaninoff, Sonate pour piano et violoncelle en Sol Min., Op.19 \u2013\u00a0<\/em><\/strong><\/p><p>\u00a0 \u00a0 \u00a0 \u00a0 \u00a0 \u00a0 \u00a0 \u00a0 \u00a0 \u00a0Francois Charles Meyrueix, Piano et Luc de Seze, Violoncelle<\/p><p>\u00a0<\/p><p>\u00a0 \u00a0 \u00a0 \u00a0 \u00a0 \u00a0 \u00a0 \u00a0 \u00a0 \u00a0 \u00a0 \u00a0 \u00a0 \u00a0 Entracte<\/p><p>\u00a0<\/p><p><strong><em>\u00a0 \u00a0 \u00a0 \u00a0 \u00a0 C.Frank, Sonate pour piano et violoncelle (arr) en La Maj. FWV 8<\/em><\/strong><\/p><p>\u00a0 \u00a0 \u00a0 \u00a0 \u00a0 \u00a0 \u00a0 \u00a0 \u00a0 \u00a0Pierre Watrin, Piano\u00a0 et Matthieu Provansal, Violoncelle<\/p><p>\u00a0<\/p>\t\t\t\t\t<\/div>\n\t\t\t\t\t\t<\/div>\n\t\t\t\t<\/div>\n\t\t\t\t\t\t<\/div>\n\t\t\t\t\t<\/div>\n\t\t<\/div>\n\t\t\t\t\t\t\t\t<\/div>\n\t\t\t\t\t<\/div>\n\t\t<\/section>\n\t\t\t\t\t\t\t\t\t<\/div>\n\t\t\t<\/div>\n\t\t\t\t\t<\/div>","protected":false},"excerpt":{"rendered":"<p>Pr\u00e9sentation Le prochain r\u00e9cital de \u2018Tous en concert !\u2019 aura lieu samedi 26 novembre 2022&nbsp; au studio L\u2019accord Parfait, 47 rue Ramey Paris 75018. La salle sera ouverte \u00e0 partir de 16h45, avec une fermeture des portes et un d\u00e9but du r\u00e9cital \u00e0 17h pr\u00e9cises Si vous souhaitez participer en tant qu\u2019auditeur, vous \u00eates bienvenu(e)! [&hellip;]<\/p>","protected":false},"author":8,"featured_media":2908,"comment_status":"closed","ping_status":"open","sticky":false,"template":"","format":"standard","meta":{"footnotes":""},"categories":[1,5,6],"tags":[],"class_list":["post-2909","post","type-post","status-publish","format-standard","has-post-thumbnail","hentry","category-non-classe","category-evenements","category-evenements-passes"],"acf":[],"_links":{"self":[{"href":"https:\/\/tousenconcert.org\/ru\/wp-json\/wp\/v2\/posts\/2909","targetHints":{"allow":["GET"]}}],"collection":[{"href":"https:\/\/tousenconcert.org\/ru\/wp-json\/wp\/v2\/posts"}],"about":[{"href":"https:\/\/tousenconcert.org\/ru\/wp-json\/wp\/v2\/types\/post"}],"author":[{"embeddable":true,"href":"https:\/\/tousenconcert.org\/ru\/wp-json\/wp\/v2\/users\/8"}],"replies":[{"embeddable":true,"href":"https:\/\/tousenconcert.org\/ru\/wp-json\/wp\/v2\/comments?post=2909"}],"version-history":[{"count":17,"href":"https:\/\/tousenconcert.org\/ru\/wp-json\/wp\/v2\/posts\/2909\/revisions"}],"predecessor-version":[{"id":2938,"href":"https:\/\/tousenconcert.org\/ru\/wp-json\/wp\/v2\/posts\/2909\/revisions\/2938"}],"wp:featuredmedia":[{"embeddable":true,"href":"https:\/\/tousenconcert.org\/ru\/wp-json\/wp\/v2\/media\/2908"}],"wp:attachment":[{"href":"https:\/\/tousenconcert.org\/ru\/wp-json\/wp\/v2\/media?parent=2909"}],"wp:term":[{"taxonomy":"category","embeddable":true,"href":"https:\/\/tousenconcert.org\/ru\/wp-json\/wp\/v2\/categories?post=2909"},{"taxonomy":"post_tag","embeddable":true,"href":"https:\/\/tousenconcert.org\/ru\/wp-json\/wp\/v2\/tags?post=2909"}],"curies":[{"name":"wp","href":"https:\/\/api.w.org\/{rel}","templated":true}]}}