{"id":2936,"date":"2023-01-05T17:30:02","date_gmt":"2023-01-05T16:30:02","guid":{"rendered":"https:\/\/tousenconcert.org\/?p=2936"},"modified":"2023-03-29T18:48:05","modified_gmt":"2023-03-29T16:48:05","slug":"prochain-recital-de-tous-en-concert-samedi-4-fevrier-2023","status":"publish","type":"post","link":"https:\/\/tousenconcert.org\/ru\/prochain-recital-de-tous-en-concert-samedi-4-fevrier-2023\/","title":{"rendered":"R\u00e9cital de &lsquo;Tous en concert !&rsquo; samedi 4 f\u00e9vrier 2023"},"content":{"rendered":"<div data-elementor-type=\"wp-post\" data-elementor-id=\"2936\" class=\"elementor elementor-2936\">\n\t\t\t\t\t\t<div class=\"elementor-inner\">\n\t\t\t\t<div class=\"elementor-section-wrap\">\n\t\t\t\t\t\t\t\t\t<section class=\"elementor-section elementor-top-section elementor-element elementor-element-512c4bd3 elementor-section-boxed elementor-section-height-default elementor-section-height-default\" data-id=\"512c4bd3\" data-element_type=\"section\">\n\t\t\t\t\t\t<div class=\"elementor-container elementor-column-gap-default\">\n\t\t\t\t\t\t\t<div class=\"elementor-row\">\n\t\t\t\t\t<div class=\"elementor-column elementor-col-100 elementor-top-column elementor-element elementor-element-64995352\" data-id=\"64995352\" data-element_type=\"column\">\n\t\t\t<div class=\"elementor-column-wrap elementor-element-populated\">\n\t\t\t\t\t\t\t<div class=\"elementor-widget-wrap\">\n\t\t\t\t\t\t<div class=\"elementor-element elementor-element-63aa64c5 elementor-widget elementor-widget-heading\" data-id=\"63aa64c5\" data-element_type=\"widget\" data-widget_type=\"heading.default\">\n\t\t\t\t<div class=\"elementor-widget-container\">\n\t\t\t<h2 class=\"elementor-heading-title elementor-size-default\">Pr\u00e9sentation<\/h2>\t\t<\/div>\n\t\t\t\t<\/div>\n\t\t\t\t<section class=\"elementor-section elementor-inner-section elementor-element elementor-element-7d4ed61b elementor-section-boxed elementor-section-height-default elementor-section-height-default\" data-id=\"7d4ed61b\" data-element_type=\"section\">\n\t\t\t\t\t\t<div class=\"elementor-container elementor-column-gap-default\">\n\t\t\t\t\t\t\t<div class=\"elementor-row\">\n\t\t\t\t\t<div class=\"elementor-column elementor-col-50 elementor-inner-column elementor-element elementor-element-387f4281\" data-id=\"387f4281\" data-element_type=\"column\">\n\t\t\t<div class=\"elementor-column-wrap elementor-element-populated\">\n\t\t\t\t\t\t\t<div class=\"elementor-widget-wrap\">\n\t\t\t\t\t\t<div class=\"elementor-element elementor-element-25c9da7b elementor-widget elementor-widget-text-editor\" data-id=\"25c9da7b\" data-element_type=\"widget\" data-widget_type=\"text-editor.default\">\n\t\t\t\t<div class=\"elementor-widget-container\">\n\t\t\t\t\t\t\t\t<div class=\"elementor-text-editor elementor-clearfix\">\n\t\t\t\t<p>Le prochain r\u00e9cital de \u2018Tous en concert !\u2019 aura lieu samedi 4 f\u00e9vrier 2023\u00a0 au studio L\u2019accord Parfait, 47 rue Ramey Paris 75018.<\/p><p>La salle sera ouverte \u00e0 partir de 16h45, avec une fermeture des portes \u00e0 16h55 et un d\u00e9but du r\u00e9cital \u00e0 17h pr\u00e9cises<\/p><p>Si vous souhaitez participer en tant qu\u2019auditeur, vous \u00eates bienvenu(e)! Merci de vous inscrire \u00e0 l\u2019avance en prenant contact avec l\u2019association, au mail de contact tousenconcert@gmail.com, le nombre de place \u00e9tant limit\u00e9.\u00a0<\/p>\t\t\t\t\t<\/div>\n\t\t\t\t\t\t<\/div>\n\t\t\t\t<\/div>\n\t\t\t\t\t\t<\/div>\n\t\t\t\t\t<\/div>\n\t\t<\/div>\n\t\t\t\t<div class=\"elementor-column elementor-col-50 elementor-inner-column elementor-element elementor-element-318bbd16\" data-id=\"318bbd16\" data-element_type=\"column\">\n\t\t\t<div class=\"elementor-column-wrap elementor-element-populated\">\n\t\t\t\t\t\t\t<div class=\"elementor-widget-wrap\">\n\t\t\t\t\t\t<div class=\"elementor-element elementor-element-4f1281aa elementor-icon-list--layout-traditional elementor-list-item-link-full_width elementor-widget elementor-widget-icon-list\" data-id=\"4f1281aa\" data-element_type=\"widget\" data-widget_type=\"icon-list.default\">\n\t\t\t\t<div class=\"elementor-widget-container\">\n\t\t\t\t\t<ul class=\"elementor-icon-list-items\">\n\t\t\t\t\t\t\t<li class=\"elementor-icon-list-item\">\n\t\t\t\t\t\t\t\t\t\t\t<span class=\"elementor-icon-list-icon\">\n\t\t\t\t\t\t\t<i aria-hidden=\"true\" class=\"far fa-calendar-alt\"><\/i>\t\t\t\t\t\t<\/span>\n\t\t\t\t\t\t\t\t\t\t<span class=\"elementor-icon-list-text\">4 f\u00e9vrier 2023 \u00e0 17heures pr\u00e9cise (fermeture des portes \u00e0 16h55)<\/span>\n\t\t\t\t\t\t\t\t\t<\/li>\n\t\t\t\t\t\t\t\t<li class=\"elementor-icon-list-item\">\n\t\t\t\t\t\t\t\t\t\t\t<span class=\"elementor-icon-list-icon\">\n\t\t\t\t\t\t\t<i aria-hidden=\"true\" class=\"fas fa-train\"><\/i>\t\t\t\t\t\t<\/span>\n\t\t\t\t\t\t\t\t\t\t<span class=\"elementor-icon-list-text\">Stations de m\u00e9tro les plus proches : Jules Joffrin (ligne12); Chateau Rouge (ligne 4) <\/span>\n\t\t\t\t\t\t\t\t\t<\/li>\n\t\t\t\t\t\t\t\t<li class=\"elementor-icon-list-item\">\n\t\t\t\t\t\t\t\t\t\t\t<span class=\"elementor-icon-list-icon\">\n\t\t\t\t\t\t\t<i aria-hidden=\"true\" class=\"fas fa-bus\"><\/i>\t\t\t\t\t\t<\/span>\n\t\t\t\t\t\t\t\t\t\t<span class=\"elementor-icon-list-text\">Arr\u00eats de bus les plus proches : ligne 80 (arr\u00eat Custine ramey)<\/span>\n\t\t\t\t\t\t\t\t\t<\/li>\n\t\t\t\t\t\t\t\t<li class=\"elementor-icon-list-item\">\n\t\t\t\t\t\t\t\t\t\t\t<span class=\"elementor-icon-list-icon\">\n\t\t\t\t\t\t\t<i aria-hidden=\"true\" class=\"fas fa-wheelchair\"><\/i>\t\t\t\t\t\t<\/span>\n\t\t\t\t\t\t\t\t\t\t<span class=\"elementor-icon-list-text\">Acc\u00e8s handicap\u00e9s<\/span>\n\t\t\t\t\t\t\t\t\t<\/li>\n\t\t\t\t\t\t<\/ul>\n\t\t\t\t<\/div>\n\t\t\t\t<\/div>\n\t\t\t\t\t\t<\/div>\n\t\t\t\t\t<\/div>\n\t\t<\/div>\n\t\t\t\t\t\t\t\t<\/div>\n\t\t\t\t\t<\/div>\n\t\t<\/section>\n\t\t\t\t<div class=\"elementor-element elementor-element-1c78a553 elementor-widget elementor-widget-heading\" data-id=\"1c78a553\" data-element_type=\"widget\" data-widget_type=\"heading.default\">\n\t\t\t\t<div class=\"elementor-widget-container\">\n\t\t\t<h2 class=\"elementor-heading-title elementor-size-default\">Informations pratiques<\/h2>\t\t<\/div>\n\t\t\t\t<\/div>\n\t\t\t\t<div class=\"elementor-element elementor-element-30eddc28 elementor-widget elementor-widget-text-editor\" data-id=\"30eddc28\" data-element_type=\"widget\" data-widget_type=\"text-editor.default\">\n\t\t\t\t<div class=\"elementor-widget-container\">\n\t\t\t\t\t\t\t\t<div class=\"elementor-text-editor elementor-clearfix\">\n\t\t\t\t<p><strong>Ludovic Disseau<\/strong><\/p><ul><li><strong>J.S. Bach : Partita n\u00b03 BWV 927 (extraits : fantasia, allemande et courante) <\/strong><\/li><li><strong>F. Chopin : \u00a0Barcarolle en fa di\u00e8se majeur opus 60<\/strong><\/li><\/ul><p><strong>Julie Sandler<\/strong><\/p><ul><li><strong>F. Liszt : Second Sonnet de P\u00e9trarque (Sonnet 104) de Liszt (extrait des Ann\u00e9es de P\u00e8lerinage, deuxi\u00e8me ann\u00e9e),<\/strong><\/li><li><strong>L. van Beethoven :\u00a0 sonate 30 en mi majeur opus 109 (1er mouvement)\u00a0<\/strong><\/li><\/ul><p><em>Entracte<\/em><\/p><p><strong>Camille Bruneau<\/strong><\/p><ul><li><strong>F Scarlatti : sonates K513 \u00a0Do Majeur <\/strong><strong>\u00ab\u00a0Pastorale\u00a0\u00bb, K1 R\u00e9 Mineur et K450 en Sol Min<\/strong><\/li><li><strong>R. Schumann : Krisleriana opus 16 (1 et 6)<\/strong><\/li><li><b>Fanny Hensel : sonate en sol mineur (trois premiers mouvements)<\/b><\/li><\/ul><p><strong>\u00a0<\/strong><\/p><p><strong>Guilhem Raillard<\/strong><\/p><ul><li><strong>F\u00e9lix Mendelssohn: Rondo Capriccioso op.14 <\/strong><\/li><\/ul><p><strong>\u00a0<\/strong><\/p><p><strong>Olivier Cloirec<\/strong><\/p><ul><li><strong> Chopin\u00a0: Ballade n\u00b04 en fa mineur opus 52<\/strong><\/li><\/ul>\t\t\t\t\t<\/div>\n\t\t\t\t\t\t<\/div>\n\t\t\t\t<\/div>\n\t\t\t\t\t\t<\/div>\n\t\t\t\t\t<\/div>\n\t\t<\/div>\n\t\t\t\t\t\t\t\t<\/div>\n\t\t\t\t\t<\/div>\n\t\t<\/section>\n\t\t\t\t\t\t\t\t\t<\/div>\n\t\t\t<\/div>\n\t\t\t\t\t<\/div>","protected":false},"excerpt":{"rendered":"<p>Pr\u00e9sentation Le prochain r\u00e9cital de \u2018Tous en concert !\u2019 aura lieu samedi 4 f\u00e9vrier 2023&nbsp; au studio L\u2019accord Parfait, 47 rue Ramey Paris 75018. La salle sera ouverte \u00e0 partir de 16h45, avec une fermeture des portes \u00e0 16h55 et un d\u00e9but du r\u00e9cital \u00e0 17h pr\u00e9cises Si vous souhaitez participer en tant qu\u2019auditeur, vous [&hellip;]<\/p>","protected":false},"author":8,"featured_media":307,"comment_status":"closed","ping_status":"open","sticky":false,"template":"","format":"standard","meta":{"footnotes":""},"categories":[5,6],"tags":[],"class_list":["post-2936","post","type-post","status-publish","format-standard","has-post-thumbnail","hentry","category-evenements","category-evenements-passes"],"acf":[],"_links":{"self":[{"href":"https:\/\/tousenconcert.org\/ru\/wp-json\/wp\/v2\/posts\/2936","targetHints":{"allow":["GET"]}}],"collection":[{"href":"https:\/\/tousenconcert.org\/ru\/wp-json\/wp\/v2\/posts"}],"about":[{"href":"https:\/\/tousenconcert.org\/ru\/wp-json\/wp\/v2\/types\/post"}],"author":[{"embeddable":true,"href":"https:\/\/tousenconcert.org\/ru\/wp-json\/wp\/v2\/users\/8"}],"replies":[{"embeddable":true,"href":"https:\/\/tousenconcert.org\/ru\/wp-json\/wp\/v2\/comments?post=2936"}],"version-history":[{"count":17,"href":"https:\/\/tousenconcert.org\/ru\/wp-json\/wp\/v2\/posts\/2936\/revisions"}],"predecessor-version":[{"id":3049,"href":"https:\/\/tousenconcert.org\/ru\/wp-json\/wp\/v2\/posts\/2936\/revisions\/3049"}],"wp:featuredmedia":[{"embeddable":true,"href":"https:\/\/tousenconcert.org\/ru\/wp-json\/wp\/v2\/media\/307"}],"wp:attachment":[{"href":"https:\/\/tousenconcert.org\/ru\/wp-json\/wp\/v2\/media?parent=2936"}],"wp:term":[{"taxonomy":"category","embeddable":true,"href":"https:\/\/tousenconcert.org\/ru\/wp-json\/wp\/v2\/categories?post=2936"},{"taxonomy":"post_tag","embeddable":true,"href":"https:\/\/tousenconcert.org\/ru\/wp-json\/wp\/v2\/tags?post=2936"}],"curies":[{"name":"wp","href":"https:\/\/api.w.org\/{rel}","templated":true}]}}