{"id":3053,"date":"2023-04-06T16:45:25","date_gmt":"2023-04-06T14:45:25","guid":{"rendered":"https:\/\/tousenconcert.org\/?p=3053"},"modified":"2023-05-27T14:56:47","modified_gmt":"2023-05-27T12:56:47","slug":"prochain-recital-de-tous-en-concert-samedi-15-avril-2023","status":"publish","type":"post","link":"https:\/\/tousenconcert.org\/ru\/prochain-recital-de-tous-en-concert-samedi-15-avril-2023\/","title":{"rendered":"R\u00e9cital de &lsquo;Tous en concert !&rsquo; samedi 15 avril 2023"},"content":{"rendered":"<div data-elementor-type=\"wp-post\" data-elementor-id=\"3053\" class=\"elementor elementor-3053\">\n\t\t\t\t\t\t<div class=\"elementor-inner\">\n\t\t\t\t<div class=\"elementor-section-wrap\">\n\t\t\t\t\t\t\t\t\t<section class=\"elementor-section elementor-top-section elementor-element elementor-element-73b21a38 elementor-section-boxed elementor-section-height-default elementor-section-height-default\" data-id=\"73b21a38\" data-element_type=\"section\">\n\t\t\t\t\t\t<div class=\"elementor-container elementor-column-gap-default\">\n\t\t\t\t\t\t\t<div class=\"elementor-row\">\n\t\t\t\t\t<div class=\"elementor-column elementor-col-100 elementor-top-column elementor-element elementor-element-3c14718c\" data-id=\"3c14718c\" data-element_type=\"column\">\n\t\t\t<div class=\"elementor-column-wrap elementor-element-populated\">\n\t\t\t\t\t\t\t<div class=\"elementor-widget-wrap\">\n\t\t\t\t\t\t<div class=\"elementor-element elementor-element-39534b69 elementor-widget elementor-widget-heading\" data-id=\"39534b69\" data-element_type=\"widget\" data-widget_type=\"heading.default\">\n\t\t\t\t<div class=\"elementor-widget-container\">\n\t\t\t<h2 class=\"elementor-heading-title elementor-size-default\">Pr\u00e9sentation<\/h2>\t\t<\/div>\n\t\t\t\t<\/div>\n\t\t\t\t<section class=\"elementor-section elementor-inner-section elementor-element elementor-element-3452cbaa elementor-section-boxed elementor-section-height-default elementor-section-height-default\" data-id=\"3452cbaa\" data-element_type=\"section\">\n\t\t\t\t\t\t<div class=\"elementor-container elementor-column-gap-default\">\n\t\t\t\t\t\t\t<div class=\"elementor-row\">\n\t\t\t\t\t<div class=\"elementor-column elementor-col-50 elementor-inner-column elementor-element elementor-element-482b1ada\" data-id=\"482b1ada\" data-element_type=\"column\">\n\t\t\t<div class=\"elementor-column-wrap elementor-element-populated\">\n\t\t\t\t\t\t\t<div class=\"elementor-widget-wrap\">\n\t\t\t\t\t\t<div class=\"elementor-element elementor-element-55de26f3 elementor-widget elementor-widget-text-editor\" data-id=\"55de26f3\" data-element_type=\"widget\" data-widget_type=\"text-editor.default\">\n\t\t\t\t<div class=\"elementor-widget-container\">\n\t\t\t\t\t\t\t\t<div class=\"elementor-text-editor elementor-clearfix\">\n\t\t\t\t<p>Le prochain r\u00e9cital de \u2018Tous en concert !\u2019 aura lieu samedi 15 avril 2023 au studio L\u2019accord Parfait, 47 rue Ramey Paris 75018.<br \/>La salle sera ouverte \u00e0 partir de 16h45, avec une fermeture des portes \u00e0 16h55 et un d\u00e9but du r\u00e9cital \u00e0 17h pr\u00e9cises<br \/>Si vous souhaitez participer en tant qu\u2019auditeur, vous \u00eates bienvenu(e)! Merci de vous inscrire \u00e0 l\u2019avance en prenant contact avec l\u2019association, au mail de contact tousenconcert@gmail.com, le nombre de place \u00e9tant limit\u00e9.<\/p><p>\u00a0<\/p>\t\t\t\t\t<\/div>\n\t\t\t\t\t\t<\/div>\n\t\t\t\t<\/div>\n\t\t\t\t\t\t<\/div>\n\t\t\t\t\t<\/div>\n\t\t<\/div>\n\t\t\t\t<div class=\"elementor-column elementor-col-50 elementor-inner-column elementor-element elementor-element-200f788c\" data-id=\"200f788c\" data-element_type=\"column\">\n\t\t\t<div class=\"elementor-column-wrap elementor-element-populated\">\n\t\t\t\t\t\t\t<div class=\"elementor-widget-wrap\">\n\t\t\t\t\t\t<div class=\"elementor-element elementor-element-1ef2467b elementor-icon-list--layout-traditional elementor-list-item-link-full_width elementor-widget elementor-widget-icon-list\" data-id=\"1ef2467b\" data-element_type=\"widget\" data-widget_type=\"icon-list.default\">\n\t\t\t\t<div class=\"elementor-widget-container\">\n\t\t\t\t\t<ul class=\"elementor-icon-list-items\">\n\t\t\t\t\t\t\t<li class=\"elementor-icon-list-item\">\n\t\t\t\t\t\t\t\t\t\t\t<span class=\"elementor-icon-list-icon\">\n\t\t\t\t\t\t\t<i aria-hidden=\"true\" class=\"far fa-calendar-alt\"><\/i>\t\t\t\t\t\t<\/span>\n\t\t\t\t\t\t\t\t\t\t<span class=\"elementor-icon-list-text\">Date et heure : samedi 15 avril \u00e0 17h pr\u00e9cises (ouverture des portes \u00e0 16h45)<\/span>\n\t\t\t\t\t\t\t\t\t<\/li>\n\t\t\t\t\t\t\t\t<li class=\"elementor-icon-list-item\">\n\t\t\t\t\t\t\t\t\t\t\t<span class=\"elementor-icon-list-icon\">\n\t\t\t\t\t\t\t<i aria-hidden=\"true\" class=\"fas fa-train\"><\/i>\t\t\t\t\t\t<\/span>\n\t\t\t\t\t\t\t\t\t\t<span class=\"elementor-icon-list-text\">Stations de m\u00e9tro les plus proches : Jules Joffrin (ligne 12); Chateau Rouge (ligne 4)<\/span>\n\t\t\t\t\t\t\t\t\t<\/li>\n\t\t\t\t\t\t\t\t<li class=\"elementor-icon-list-item\">\n\t\t\t\t\t\t\t\t\t\t\t<span class=\"elementor-icon-list-icon\">\n\t\t\t\t\t\t\t<i aria-hidden=\"true\" class=\"fas fa-bus\"><\/i>\t\t\t\t\t\t<\/span>\n\t\t\t\t\t\t\t\t\t\t<span class=\"elementor-icon-list-text\">Arr\u00eats de bus les plus proches :ligne 80 (arr\u00eat Cutine Ramey)<\/span>\n\t\t\t\t\t\t\t\t\t<\/li>\n\t\t\t\t\t\t\t\t<li class=\"elementor-icon-list-item\">\n\t\t\t\t\t\t\t\t\t\t\t<span class=\"elementor-icon-list-icon\">\n\t\t\t\t\t\t\t<i aria-hidden=\"true\" class=\"fas fa-wheelchair\"><\/i>\t\t\t\t\t\t<\/span>\n\t\t\t\t\t\t\t\t\t\t<span class=\"elementor-icon-list-text\">Acc\u00e8s handicap\u00e9s<\/span>\n\t\t\t\t\t\t\t\t\t<\/li>\n\t\t\t\t\t\t<\/ul>\n\t\t\t\t<\/div>\n\t\t\t\t<\/div>\n\t\t\t\t\t\t<\/div>\n\t\t\t\t\t<\/div>\n\t\t<\/div>\n\t\t\t\t\t\t\t\t<\/div>\n\t\t\t\t\t<\/div>\n\t\t<\/section>\n\t\t\t\t<div class=\"elementor-element elementor-element-1645e32b elementor-widget elementor-widget-heading\" data-id=\"1645e32b\" data-element_type=\"widget\" data-widget_type=\"heading.default\">\n\t\t\t\t<div class=\"elementor-widget-container\">\n\t\t\t<h2 class=\"elementor-heading-title elementor-size-default\">Programme<\/h2>\t\t<\/div>\n\t\t\t\t<\/div>\n\t\t\t\t<div class=\"elementor-element elementor-element-102d1b4a elementor-widget elementor-widget-text-editor\" data-id=\"102d1b4a\" data-element_type=\"widget\" data-widget_type=\"text-editor.default\">\n\t\t\t\t<div class=\"elementor-widget-container\">\n\t\t\t\t\t\t\t\t<div class=\"elementor-text-editor elementor-clearfix\">\n\t\t\t\t<p><strong>Frederic Chopin<\/strong>\u00a0\u2013 Impromptus n\u00b01 op.29, n.3 op.51, n\u00b04 op. 66 \u00ab\u00a0Fantaisie-impromptu\u00a0\u00bb<\/p><p>\u00a0\u00a0\u00a0<em>Jean Sarda, piano<\/em><\/p><p>\u00a0<\/p><p><strong>Alexandre Scriabin<\/strong>\u00a0&#8211; Etude n\u00b012 op.8<\/p><p><strong>Sergei Rachmaninoff<\/strong>\u00a0&#8211; Pr\u00e9lude n\u00b06 Op 23<\/p><p><em>\u00a0\u00a0\u00a0\u00a0 Kira Vinci, Piano<\/em><\/p><p><strong>\u00a0<\/strong><\/p><p><strong>Mel Bonis<\/strong>\u00a0&#8211; Desdemone, tir\u00e9 des \u00ab\u00a0Sept femmes de l\u00e9gende\u00a0\u00bb op.101, piano<\/p><p><strong>Guy Ropartz<\/strong>\u00a0&#8211; \u00ab\u00a0Musiques au jardin : un oiseau sur le sable de l&rsquo;all\u00e9e\u00a0\u00bb, piano<\/p><p><em>\u00a0\u00a0\u00a0 Olivier Cloirec, piano<\/em><\/p><p>\u00a0<\/p><p><strong>Gabriel Faure<\/strong>\u00a0\u2013 Sonate pour violon (arrang. Fl\u00fbte) et piano n\u00b01, op.13 en la majeur (1<sup>er<\/sup>\u00a0mouv)<\/p><p>\u00a0\u00a0\u00a0<em>Florence Mulertt, fl\u00fbte\u00a0&#8211; \u00a0Olivier Cloirec, piano<\/em><\/p><p>\u00a0<\/p><p><em>Entracte<\/em><\/p><p>\u00a0<\/p><p><strong>Felix Mendelssohn<\/strong>\u00a0&#8211; Variations s\u00e9rieuses op.54 et une romance sans paroles<\/p><p><em>\u00a0\u00a0 Jean Pierre Salmona, piano<\/em><\/p><p>\u00a0<\/p><p><strong>Franz Schubert &#8211;\u00a0<\/strong>Trio n\u00b02 op.100 (1er et 2eme mouv)<\/p><p><em>\u00a0\u00a0 Pierre Watrin, piano\u00a0; Achille Morin, violon\u00a0; Matthieu Provansal, violoncelle<\/em><\/p>\t\t\t\t\t<\/div>\n\t\t\t\t\t\t<\/div>\n\t\t\t\t<\/div>\n\t\t\t\t\t\t<\/div>\n\t\t\t\t\t<\/div>\n\t\t<\/div>\n\t\t\t\t\t\t\t\t<\/div>\n\t\t\t\t\t<\/div>\n\t\t<\/section>\n\t\t\t\t\t\t\t\t\t<\/div>\n\t\t\t<\/div>\n\t\t\t\t\t<\/div>","protected":false},"excerpt":{"rendered":"<p>Pr\u00e9sentation Le prochain r\u00e9cital de \u2018Tous en concert !\u2019 aura lieu samedi 15 avril 2023 au studio L\u2019accord Parfait, 47 rue Ramey Paris 75018. La salle sera ouverte \u00e0 partir de 16h45, avec une fermeture des portes \u00e0 16h55 et un d\u00e9but du r\u00e9cital \u00e0 17h pr\u00e9cises Si vous souhaitez participer en tant qu\u2019auditeur, vous [&hellip;]<\/p>","protected":false},"author":8,"featured_media":1121,"comment_status":"closed","ping_status":"open","sticky":false,"template":"","format":"standard","meta":{"footnotes":""},"categories":[5,6],"tags":[],"class_list":["post-3053","post","type-post","status-publish","format-standard","has-post-thumbnail","hentry","category-evenements","category-evenements-passes"],"acf":[],"_links":{"self":[{"href":"https:\/\/tousenconcert.org\/ru\/wp-json\/wp\/v2\/posts\/3053","targetHints":{"allow":["GET"]}}],"collection":[{"href":"https:\/\/tousenconcert.org\/ru\/wp-json\/wp\/v2\/posts"}],"about":[{"href":"https:\/\/tousenconcert.org\/ru\/wp-json\/wp\/v2\/types\/post"}],"author":[{"embeddable":true,"href":"https:\/\/tousenconcert.org\/ru\/wp-json\/wp\/v2\/users\/8"}],"replies":[{"embeddable":true,"href":"https:\/\/tousenconcert.org\/ru\/wp-json\/wp\/v2\/comments?post=3053"}],"version-history":[{"count":6,"href":"https:\/\/tousenconcert.org\/ru\/wp-json\/wp\/v2\/posts\/3053\/revisions"}],"predecessor-version":[{"id":3080,"href":"https:\/\/tousenconcert.org\/ru\/wp-json\/wp\/v2\/posts\/3053\/revisions\/3080"}],"wp:featuredmedia":[{"embeddable":true,"href":"https:\/\/tousenconcert.org\/ru\/wp-json\/wp\/v2\/media\/1121"}],"wp:attachment":[{"href":"https:\/\/tousenconcert.org\/ru\/wp-json\/wp\/v2\/media?parent=3053"}],"wp:term":[{"taxonomy":"category","embeddable":true,"href":"https:\/\/tousenconcert.org\/ru\/wp-json\/wp\/v2\/categories?post=3053"},{"taxonomy":"post_tag","embeddable":true,"href":"https:\/\/tousenconcert.org\/ru\/wp-json\/wp\/v2\/tags?post=3053"}],"curies":[{"name":"wp","href":"https:\/\/api.w.org\/{rel}","templated":true}]}}