{"id":3138,"date":"2024-06-09T09:00:00","date_gmt":"2024-06-09T07:00:00","guid":{"rendered":"https:\/\/tousenconcert.org\/?p=3138"},"modified":"2024-06-09T15:03:49","modified_gmt":"2024-06-09T13:03:49","slug":"recital-du-13-avril-2024","status":"publish","type":"post","link":"https:\/\/tousenconcert.org\/ru\/recital-du-13-avril-2024\/","title":{"rendered":"R\u00e9cital du 13 avril 2024"},"content":{"rendered":"<div data-elementor-type=\"wp-post\" data-elementor-id=\"3138\" class=\"elementor elementor-3138\">\n\t\t\t\t\t\t<div class=\"elementor-inner\">\n\t\t\t\t<div class=\"elementor-section-wrap\">\n\t\t\t\t\t\t\t\t\t<section class=\"elementor-section elementor-top-section elementor-element elementor-element-7930db8e elementor-section-boxed elementor-section-height-default elementor-section-height-default\" data-id=\"7930db8e\" data-element_type=\"section\">\n\t\t\t\t\t\t<div class=\"elementor-container elementor-column-gap-default\">\n\t\t\t\t\t\t\t<div class=\"elementor-row\">\n\t\t\t\t\t<div class=\"elementor-column elementor-col-100 elementor-top-column elementor-element elementor-element-724b73f6\" data-id=\"724b73f6\" data-element_type=\"column\">\n\t\t\t<div class=\"elementor-column-wrap elementor-element-populated\">\n\t\t\t\t\t\t\t<div class=\"elementor-widget-wrap\">\n\t\t\t\t\t\t<div class=\"elementor-element elementor-element-21f27155 elementor-widget elementor-widget-heading\" data-id=\"21f27155\" data-element_type=\"widget\" data-widget_type=\"heading.default\">\n\t\t\t\t<div class=\"elementor-widget-container\">\n\t\t\t<h2 class=\"elementor-heading-title elementor-size-default\">Pr\u00e9sentation<\/h2>\t\t<\/div>\n\t\t\t\t<\/div>\n\t\t\t\t<section class=\"elementor-section elementor-inner-section elementor-element elementor-element-6e97dcfe elementor-section-boxed elementor-section-height-default elementor-section-height-default\" data-id=\"6e97dcfe\" data-element_type=\"section\">\n\t\t\t\t\t\t<div class=\"elementor-container elementor-column-gap-default\">\n\t\t\t\t\t\t\t<div class=\"elementor-row\">\n\t\t\t\t\t<div class=\"elementor-column elementor-col-50 elementor-inner-column elementor-element elementor-element-3c4a8f5b\" data-id=\"3c4a8f5b\" data-element_type=\"column\">\n\t\t\t<div class=\"elementor-column-wrap elementor-element-populated\">\n\t\t\t\t\t\t\t<div class=\"elementor-widget-wrap\">\n\t\t\t\t\t\t<div class=\"elementor-element elementor-element-65774dd0 elementor-widget elementor-widget-text-editor\" data-id=\"65774dd0\" data-element_type=\"widget\" data-widget_type=\"text-editor.default\">\n\t\t\t\t<div class=\"elementor-widget-container\">\n\t\t\t\t\t\t\t\t<div class=\"elementor-text-editor elementor-clearfix\">\n\t\t\t\t<p>Le r\u00e9cital a eu lieu au studio &lsquo;L&rsquo;accord parfait&rsquo;, rue Ramey \u00e0 Paris 18<\/p>\t\t\t\t\t<\/div>\n\t\t\t\t\t\t<\/div>\n\t\t\t\t<\/div>\n\t\t\t\t\t\t<\/div>\n\t\t\t\t\t<\/div>\n\t\t<\/div>\n\t\t\t\t<div class=\"elementor-column elementor-col-50 elementor-inner-column elementor-element elementor-element-483bb955\" data-id=\"483bb955\" data-element_type=\"column\">\n\t\t\t<div class=\"elementor-column-wrap elementor-element-populated\">\n\t\t\t\t\t\t\t<div class=\"elementor-widget-wrap\">\n\t\t\t\t\t\t<div class=\"elementor-element elementor-element-2662ae4c elementor-icon-list--layout-traditional elementor-list-item-link-full_width elementor-widget elementor-widget-icon-list\" data-id=\"2662ae4c\" data-element_type=\"widget\" data-widget_type=\"icon-list.default\">\n\t\t\t\t<div class=\"elementor-widget-container\">\n\t\t\t\t\t<ul class=\"elementor-icon-list-items\">\n\t\t\t\t\t\t\t<li class=\"elementor-icon-list-item\">\n\t\t\t\t\t\t\t\t\t\t\t<span class=\"elementor-icon-list-icon\">\n\t\t\t\t\t\t\t<i aria-hidden=\"true\" class=\"far fa-calendar-alt\"><\/i>\t\t\t\t\t\t<\/span>\n\t\t\t\t\t\t\t\t\t\t<span class=\"elementor-icon-list-text\"><\/span>\n\t\t\t\t\t\t\t\t\t<\/li>\n\t\t\t\t\t\t\t\t<li class=\"elementor-icon-list-item\">\n\t\t\t\t\t\t\t\t\t\t\t<span class=\"elementor-icon-list-icon\">\n\t\t\t\t\t\t\t<i aria-hidden=\"true\" class=\"far fa-clock\"><\/i>\t\t\t\t\t\t<\/span>\n\t\t\t\t\t\t\t\t\t\t<span class=\"elementor-icon-list-text\"><\/span>\n\t\t\t\t\t\t\t\t\t<\/li>\n\t\t\t\t\t\t\t\t<li class=\"elementor-icon-list-item\">\n\t\t\t\t\t\t\t\t\t\t\t<span class=\"elementor-icon-list-icon\">\n\t\t\t\t\t\t\t<i aria-hidden=\"true\" class=\"fas fa-map-marker-alt\"><\/i>\t\t\t\t\t\t<\/span>\n\t\t\t\t\t\t\t\t\t\t<span class=\"elementor-icon-list-text\"><\/span>\n\t\t\t\t\t\t\t\t\t<\/li>\n\t\t\t\t\t\t\t\t<li class=\"elementor-icon-list-item\">\n\t\t\t\t\t\t\t\t\t\t\t<span class=\"elementor-icon-list-icon\">\n\t\t\t\t\t\t\t<i aria-hidden=\"true\" class=\"fas fa-euro-sign\"><\/i>\t\t\t\t\t\t<\/span>\n\t\t\t\t\t\t\t\t\t\t<span class=\"elementor-icon-list-text\"><\/span>\n\t\t\t\t\t\t\t\t\t<\/li>\n\t\t\t\t\t\t\t\t<li class=\"elementor-icon-list-item\">\n\t\t\t\t\t\t\t\t\t\t\t<span class=\"elementor-icon-list-icon\">\n\t\t\t\t\t\t\t<i aria-hidden=\"true\" class=\"fas fa-train\"><\/i>\t\t\t\t\t\t<\/span>\n\t\t\t\t\t\t\t\t\t\t<span class=\"elementor-icon-list-text\"><\/span>\n\t\t\t\t\t\t\t\t\t<\/li>\n\t\t\t\t\t\t\t\t<li class=\"elementor-icon-list-item\">\n\t\t\t\t\t\t\t\t\t\t\t<span class=\"elementor-icon-list-icon\">\n\t\t\t\t\t\t\t<i aria-hidden=\"true\" class=\"fas fa-bus\"><\/i>\t\t\t\t\t\t<\/span>\n\t\t\t\t\t\t\t\t\t\t<span class=\"elementor-icon-list-text\"><\/span>\n\t\t\t\t\t\t\t\t\t<\/li>\n\t\t\t\t\t\t\t\t<li class=\"elementor-icon-list-item\">\n\t\t\t\t\t\t\t\t\t\t\t<span class=\"elementor-icon-list-icon\">\n\t\t\t\t\t\t\t<i aria-hidden=\"true\" class=\"fas fa-wheelchair\"><\/i>\t\t\t\t\t\t<\/span>\n\t\t\t\t\t\t\t\t\t\t<span class=\"elementor-icon-list-text\"><\/span>\n\t\t\t\t\t\t\t\t\t<\/li>\n\t\t\t\t\t\t<\/ul>\n\t\t\t\t<\/div>\n\t\t\t\t<\/div>\n\t\t\t\t\t\t<\/div>\n\t\t\t\t\t<\/div>\n\t\t<\/div>\n\t\t\t\t\t\t\t\t<\/div>\n\t\t\t\t\t<\/div>\n\t\t<\/section>\n\t\t\t\t<div class=\"elementor-element elementor-element-798fced4 elementor-widget elementor-widget-heading\" data-id=\"798fced4\" data-element_type=\"widget\" data-widget_type=\"heading.default\">\n\t\t\t\t<div class=\"elementor-widget-container\">\n\t\t\t<h2 class=\"elementor-heading-title elementor-size-default\">Programme<\/h2>\t\t<\/div>\n\t\t\t\t<\/div>\n\t\t\t\t<div class=\"elementor-element elementor-element-37a1bdc0 elementor-widget elementor-widget-text-editor\" data-id=\"37a1bdc0\" data-element_type=\"widget\" data-widget_type=\"text-editor.default\">\n\t\t\t\t<div class=\"elementor-widget-container\">\n\t\t\t\t\t\t\t\t<div class=\"elementor-text-editor elementor-clearfix\">\n\t\t\t\t<p>Jean Sarda\u00a0:<\/p><p>\u00a0 \u00a0 \u00a0 \u00a0 \u00a0 Bach : pr\u00e9lude et fugue r\u00e9 mineur 2e livre<\/p><p>\u00a0 \u00a0 \u00a0 \u00a0 \u00a0 Beethoven : sonate Appassionata 1<sup>er<\/sup>\u00a0mvt<\/p><p>\u00a0<\/p><p>Sofia\u00a0Tiar :<\/p><p>\u00a0 \u00a0 \u00a0 \u00a0 \u00a0 \u00a0 \u00a0Chopin : 1<sup>er<\/sup>\u00a0et 4<sup>i\u00e8me<\/sup>\u00a0ballade<\/p><p>\u00a0 \u00a0 \u00a0 \u00a0 \u00a0 \u00a0 \u00a0Haydn : sonate n\u00b0 50 en do majeur 1ermvt<\/p><p>\u00a0\u00a0\u00a0\u00a0\u00a0\u00a0\u00a0\u00a0\u00a0\u00a0\u00a0\u00a0\u00a0\u00a0\u00a0\u00a0\u00a0\u00a0\u00a0\u00a0\u00a0\u00a0\u00a0\u00a0\u00a0\u00a0\u00a0\u00a0\u00a0\u00a0\u00a0\u00a0\u00a0\u00a0 <em>Entracte<\/em><\/p><p>Gerard Moutet\u00a0:<\/p><p><span style=\"background-color: transparent; font-family: var( --e-global-typography-text-font-family ), Sans-serif; font-weight: var( --e-global-typography-text-font-weight );\">\u00a0 \u00a0 \u00a0 Janacek : Dans les brumes<\/span><\/p><p>Pierre Watrin\u00a0 (piano)\u00a0; Achille Morin (violon), Matthieu Provansal (violoncelle)\u00a0:<\/p><p>\u00a0 \u00a0 \u00a0 Mendelssohn :\u00a0 du 1er trio (mvts 1 et 2)<\/p><p>\u00a0 \u00a0 \u00a0Mozart : sonate\u00a0 pour violon et piano en mi mineur<\/p>\t\t\t\t\t<\/div>\n\t\t\t\t\t\t<\/div>\n\t\t\t\t<\/div>\n\t\t\t\t\t\t<\/div>\n\t\t\t\t\t<\/div>\n\t\t<\/div>\n\t\t\t\t\t\t\t\t<\/div>\n\t\t\t\t\t<\/div>\n\t\t<\/section>\n\t\t\t\t\t\t\t\t\t<\/div>\n\t\t\t<\/div>\n\t\t\t\t\t<\/div>","protected":false},"excerpt":{"rendered":"<p>Pr\u00e9sentation Le r\u00e9cital a eu lieu au studio &lsquo;L&rsquo;accord parfait&rsquo;, rue Ramey \u00e0 Paris 18 Programme Jean Sarda\u00a0: \u00a0 \u00a0 \u00a0 \u00a0 \u00a0 Bach : pr\u00e9lude et fugue r\u00e9 mineur 2e livre \u00a0 \u00a0 \u00a0 \u00a0 \u00a0 Beethoven : sonate Appassionata 1er\u00a0mvt \u00a0 Sofia\u00a0Tiar : \u00a0 \u00a0 \u00a0 \u00a0 \u00a0 \u00a0 \u00a0Chopin : 1er\u00a0et 4i\u00e8me\u00a0ballade [&hellip;]<\/p>","protected":false},"author":8,"featured_media":3144,"comment_status":"closed","ping_status":"open","sticky":false,"template":"","format":"standard","meta":{"footnotes":""},"categories":[5,6],"tags":[],"class_list":["post-3138","post","type-post","status-publish","format-standard","has-post-thumbnail","hentry","category-evenements","category-evenements-passes"],"acf":[],"_links":{"self":[{"href":"https:\/\/tousenconcert.org\/ru\/wp-json\/wp\/v2\/posts\/3138","targetHints":{"allow":["GET"]}}],"collection":[{"href":"https:\/\/tousenconcert.org\/ru\/wp-json\/wp\/v2\/posts"}],"about":[{"href":"https:\/\/tousenconcert.org\/ru\/wp-json\/wp\/v2\/types\/post"}],"author":[{"embeddable":true,"href":"https:\/\/tousenconcert.org\/ru\/wp-json\/wp\/v2\/users\/8"}],"replies":[{"embeddable":true,"href":"https:\/\/tousenconcert.org\/ru\/wp-json\/wp\/v2\/comments?post=3138"}],"version-history":[{"count":3,"href":"https:\/\/tousenconcert.org\/ru\/wp-json\/wp\/v2\/posts\/3138\/revisions"}],"predecessor-version":[{"id":3141,"href":"https:\/\/tousenconcert.org\/ru\/wp-json\/wp\/v2\/posts\/3138\/revisions\/3141"}],"wp:featuredmedia":[{"embeddable":true,"href":"https:\/\/tousenconcert.org\/ru\/wp-json\/wp\/v2\/media\/3144"}],"wp:attachment":[{"href":"https:\/\/tousenconcert.org\/ru\/wp-json\/wp\/v2\/media?parent=3138"}],"wp:term":[{"taxonomy":"category","embeddable":true,"href":"https:\/\/tousenconcert.org\/ru\/wp-json\/wp\/v2\/categories?post=3138"},{"taxonomy":"post_tag","embeddable":true,"href":"https:\/\/tousenconcert.org\/ru\/wp-json\/wp\/v2\/tags?post=3138"}],"curies":[{"name":"wp","href":"https:\/\/api.w.org\/{rel}","templated":true}]}}